{"id":7182,"date":"2012-11-20T15:07:17","date_gmt":"2012-11-20T14:07:17","guid":{"rendered":"http:\/\/www.sv-bad-bevensen.de\/?p=7182"},"modified":"2016-03-25T15:07:50","modified_gmt":"2016-03-25T14:07:50","slug":"bevenser-spielen-gegen-jva-mannschaft","status":"publish","type":"post","link":"https:\/\/www.sv-bad-bevensen.de\/?p=7182","title":{"rendered":"Bevenser spielen gegen JVA-Mannschaft"},"content":{"rendered":"<p>Die Bevenser Mannschaft spielte gestern gegen die Gefangenen-Mannschaft in der JVA Uelzen. F\u00fcr Bevensen traten an: Joachim, Gerhard, Hinrich, Georg, Herbert, Heinz, Klaus und Wolfgang. An allen Brettern wurden zwei Partien gespielt, sodass jeder einmal Wei\u00df und einmal Schwarz hatte. Es siegte mit 9,5 : 6,5 der SV Bad Bevensen &#8211; ein Erfolg f\u00fcr uns, aber auch ein Achtungserfolg f\u00fcr die JVA-Mannschaft.<\/p>\n","protected":false},"excerpt":{"rendered":"<p>Die Bevenser Mannschaft spielte gestern gegen die Gefangenen-Mannschaft in der JVA Uelzen. F\u00fcr Bevensen traten an: Joachim, Gerhard, Hinrich, Georg, Herbert, Heinz, Klaus und Wolfgang. An allen Brettern wurden zwei Partien gespielt, sodass jeder einmal Wei\u00df und einmal Schwarz hatte. Es siegte mit 9,5 : 6,5 der SV Bad Bevensen &#8211; ein Erfolg f\u00fcr uns, &hellip; <a href=\"https:\/\/www.sv-bad-bevensen.de\/?p=7182\" class=\"more-link\"><span class=\"screen-reader-text\">Bevenser spielen gegen JVA-Mannschaft<\/span> weiterlesen<\/a><\/p>\n","protected":false},"author":1,"featured_media":0,"comment_status":"closed","ping_status":"closed","sticky":false,"template":"","format":"standard","meta":{"ngg_post_thumbnail":0,"footnotes":""},"categories":[12,5],"tags":[],"class_list":["post-7182","post","type-post","status-publish","format-standard","hentry","category-berichte","category-mannschaften"],"_links":{"self":[{"href":"https:\/\/www.sv-bad-bevensen.de\/index.php?rest_route=\/wp\/v2\/posts\/7182","targetHints":{"allow":["GET"]}}],"collection":[{"href":"https:\/\/www.sv-bad-bevensen.de\/index.php?rest_route=\/wp\/v2\/posts"}],"about":[{"href":"https:\/\/www.sv-bad-bevensen.de\/index.php?rest_route=\/wp\/v2\/types\/post"}],"author":[{"embeddable":true,"href":"https:\/\/www.sv-bad-bevensen.de\/index.php?rest_route=\/wp\/v2\/users\/1"}],"replies":[{"embeddable":true,"href":"https:\/\/www.sv-bad-bevensen.de\/index.php?rest_route=%2Fwp%2Fv2%2Fcomments&post=7182"}],"version-history":[{"count":0,"href":"https:\/\/www.sv-bad-bevensen.de\/index.php?rest_route=\/wp\/v2\/posts\/7182\/revisions"}],"wp:attachment":[{"href":"https:\/\/www.sv-bad-bevensen.de\/index.php?rest_route=%2Fwp%2Fv2%2Fmedia&parent=7182"}],"wp:term":[{"taxonomy":"category","embeddable":true,"href":"https:\/\/www.sv-bad-bevensen.de\/index.php?rest_route=%2Fwp%2Fv2%2Fcategories&post=7182"},{"taxonomy":"post_tag","embeddable":true,"href":"https:\/\/www.sv-bad-bevensen.de\/index.php?rest_route=%2Fwp%2Fv2%2Ftags&post=7182"}],"curies":[{"name":"wp","href":"https:\/\/api.w.org\/{rel}","templated":true}]}}