{"id":21103,"date":"2026-04-26T19:22:36","date_gmt":"2026-04-26T18:22:36","guid":{"rendered":"https:\/\/www.sv-bad-bevensen.de\/?p=21103"},"modified":"2026-04-26T19:22:36","modified_gmt":"2026-04-26T18:22:36","slug":"mannschaftsmeisterschaft-runde-9-9","status":"publish","type":"post","link":"https:\/\/www.sv-bad-bevensen.de\/?p=21103","title":{"rendered":"Mannschaftsmeisterschaft Runde 9"},"content":{"rendered":"<figure id=\"attachment_21104\" aria-describedby=\"caption-attachment-21104\" style=\"width: 150px\" class=\"wp-caption alignleft\"><a href=\"https:\/\/www.sv-bad-bevensen.de\/wp-content\/uploads\/2026\/04\/DSC_4072.jpg\"><img loading=\"lazy\" decoding=\"async\" class=\"wp-image-21104 size-medium\" src=\"https:\/\/www.sv-bad-bevensen.de\/wp-content\/uploads\/2026\/04\/DSC_4072-300x225.jpg\" alt=\"\" width=\"150\" height=\"113\" srcset=\"https:\/\/www.sv-bad-bevensen.de\/wp-content\/uploads\/2026\/04\/DSC_4072-300x225.jpg 300w, https:\/\/www.sv-bad-bevensen.de\/wp-content\/uploads\/2026\/04\/DSC_4072-1024x768.jpg 1024w, https:\/\/www.sv-bad-bevensen.de\/wp-content\/uploads\/2026\/04\/DSC_4072-768x576.jpg 768w, https:\/\/www.sv-bad-bevensen.de\/wp-content\/uploads\/2026\/04\/DSC_4072-1536x1152.jpg 1536w, https:\/\/www.sv-bad-bevensen.de\/wp-content\/uploads\/2026\/04\/DSC_4072.jpg 1920w\" sizes=\"auto, (max-width: 150px) 100vw, 150px\" \/><\/a><figcaption id=\"caption-attachment-21104\" class=\"wp-caption-text\">A. Kozik, L. Baum, F. Harms, R. B\u00fcrgener, N. Kruppa, M. Labitzki, G. Eichler, S. Mishchenko<\/figcaption><\/figure>\n<p><strong>Bezirksoberliga<\/strong><br \/>\nEin 4:4 gegen FG Wohlde reichte unserer 1. Mannschaft, um die Tabellenf\u00fchrung zu behaupten. Richard B\u00fcrgener und Luis Baum holten die vollen Punkte; Friedjof Harms, Serhii Mishchenko, Marek Labitzki und Andreas Kozik steuerten Remis bei. Da Eintracht Munster zeitgleich den direkten Verfolger Blau\u2011Weiss Buchholz bezwang, blieb Platz 1 gesichert \u2013 und damit steht der direkte Wiederaufstieg in die Verbandsliga Nord fest.<\/p>\n<p><strong>Bezirksklasse Ost<\/strong><br \/>\nIn der Bezirksklasse Ost musste sich die 2. Mannschaft mit 2:4 gegen den FC Lachendorf II geschlagen geben. Harald Warns gewann seine Partie, w\u00e4hrend Thomas G\u00f6be und Holger Krause jeweils ein Remis erreichten. Mit Rang 3 beendet das Team die Saison. Deutlich erfreulicher verlief der Spieltag f\u00fcr die 3. Mannschaft, die sich mit 4:2 gegen SC Turm L\u00fcneburg IV durchsetzte. Ganze Punkte erzielten Malte Reimers, Max Lewerenz und Marvin K\u00fchl; Unentschieden spielten Dominik Dettmann und Leon Tute. Durch den Sieg verteidigte die Dritte ihren Spitzenplatz und steigt in die Bezirksliga auf.<\/p>\n<p><strong>Kreisklasse Ost<\/strong><br \/>\nSpielfrei hatte die 4. Mannschaft, die weiterhin auf Platz 5 rangiert. Ein ausstehendes Spiel wird am 10. Mai ausgetragen.<\/p>\n<p><strong>Saisonabschluss<\/strong><br \/>\nNach den heutigen Begegnungen folgten zahlreiche Spieler der Einladung des 2. Vorsitzenden Harald Warns, die Saison gemeinsam beim Italiener ausklingen zu lassen. Dort bedankte sich der 1. Vorsitzende Marek Labitzki bei allen Mannschaftsf\u00fchrern f\u00fcr ihr Engagement und bei den Spielern f\u00fcr ihren Einsatz \u00fcber die gesamte Spielzeit hinweg.<\/p>\n<p><a href=\"https:\/\/clm.schachbezirk4.de\/index.php\/component\/clm\/?view=rangliste&amp;saison=12&amp;liga=76&amp;Itemid=101&amp;typeid=21\" target=\"_blank\" rel=\"noopener\">Bezirksoberliga<\/a><br \/>\nSV Bad Bevensen I &#8211; FG Wohlde I&nbsp; &nbsp;<a href=\"https:\/\/clm.schachbezirk4.de\/index.php\/component\/clm\/?view=runde&amp;saison=12&amp;liga=76&amp;runde=9&amp;dg=1&amp;Itemid=101&amp;typeid=21\" target=\"_blank\" rel=\"noopener\">4:4<\/a><\/p>\n<p><a href=\"https:\/\/clm.schachbezirk4.de\/index.php\/component\/clm\/?view=rangliste&amp;saison=12&amp;liga=78&amp;Itemid=101&amp;typeid=21\" target=\"_blank\" rel=\"noopener\">Bezirksklasse Ost<\/a><br \/>\nFC Lachendorf II &#8211; SV Bad Bevensen II&nbsp; &nbsp;<a href=\"https:\/\/clm.schachbezirk4.de\/index.php\/component\/clm\/?view=runde&amp;saison=12&amp;liga=78&amp;runde=9&amp;dg=1&amp;Itemid=101&amp;typeid=21\" target=\"_blank\" rel=\"noopener\">4:2<\/a><br \/>\nSV Bad Bevensen III \u2013 SC Turm L\u00fcneburg IV&nbsp; &nbsp;<a href=\"https:\/\/clm.schachbezirk4.de\/index.php\/component\/clm\/?view=runde&amp;saison=12&amp;liga=78&amp;runde=9&amp;dg=1&amp;Itemid=101&amp;typeid=21\" target=\"_blank\" rel=\"noopener\">4:2<\/a><\/p>\n<p><a href=\"https:\/\/clm.schachbezirk4.de\/index.php\/component\/clm\/?view=rangliste&amp;saison=12&amp;liga=81&amp;Itemid=101&amp;typeid=21\" target=\"_blank\" rel=\"noopener\">Kreisklasse Ost<\/a><br \/>\nSV Bad Bevensen IV &#8211; spielfrei&nbsp; &nbsp;<a href=\"https:\/\/clm.schachbezirk4.de\/index.php\/component\/clm\/?view=runde&amp;saison=12&amp;liga=81&amp;runde=2&amp;dg=2&amp;Itemid=101&amp;typeid=22\" target=\"_blank\" rel=\"noopener\">2,5:1,5<\/a><\/p>\n<p><a href=\"https:\/\/www.sv-bad-bevensen.de\/?p=21100\">Fotos<\/a><\/p>\n","protected":false},"excerpt":{"rendered":"<p>Bezirksoberliga Ein 4:4 gegen FG Wohlde reichte unserer 1. Mannschaft, um die Tabellenf\u00fchrung zu behaupten. Richard B\u00fcrgener und Luis Baum holten die vollen Punkte; Friedjof Harms, Serhii Mishchenko, Marek Labitzki und Andreas Kozik steuerten Remis bei. Da Eintracht Munster zeitgleich den direkten Verfolger Blau\u2011Weiss Buchholz bezwang, blieb Platz 1 gesichert \u2013 und damit steht der &hellip; <a href=\"https:\/\/www.sv-bad-bevensen.de\/?p=21103\" class=\"more-link\"><span class=\"screen-reader-text\">Mannschaftsmeisterschaft Runde 9<\/span> weiterlesen<\/a><\/p>\n","protected":false},"author":3,"featured_media":0,"comment_status":"closed","ping_status":"closed","sticky":false,"template":"","format":"standard","meta":{"ngg_post_thumbnail":0,"footnotes":""},"categories":[12,11,5],"tags":[],"class_list":["post-21103","post","type-post","status-publish","format-standard","hentry","category-berichte","category-fotos","category-mannschaften"],"_links":{"self":[{"href":"https:\/\/www.sv-bad-bevensen.de\/index.php?rest_route=\/wp\/v2\/posts\/21103","targetHints":{"allow":["GET"]}}],"collection":[{"href":"https:\/\/www.sv-bad-bevensen.de\/index.php?rest_route=\/wp\/v2\/posts"}],"about":[{"href":"https:\/\/www.sv-bad-bevensen.de\/index.php?rest_route=\/wp\/v2\/types\/post"}],"author":[{"embeddable":true,"href":"https:\/\/www.sv-bad-bevensen.de\/index.php?rest_route=\/wp\/v2\/users\/3"}],"replies":[{"embeddable":true,"href":"https:\/\/www.sv-bad-bevensen.de\/index.php?rest_route=%2Fwp%2Fv2%2Fcomments&post=21103"}],"version-history":[{"count":3,"href":"https:\/\/www.sv-bad-bevensen.de\/index.php?rest_route=\/wp\/v2\/posts\/21103\/revisions"}],"predecessor-version":[{"id":21107,"href":"https:\/\/www.sv-bad-bevensen.de\/index.php?rest_route=\/wp\/v2\/posts\/21103\/revisions\/21107"}],"wp:attachment":[{"href":"https:\/\/www.sv-bad-bevensen.de\/index.php?rest_route=%2Fwp%2Fv2%2Fmedia&parent=21103"}],"wp:term":[{"taxonomy":"category","embeddable":true,"href":"https:\/\/www.sv-bad-bevensen.de\/index.php?rest_route=%2Fwp%2Fv2%2Fcategories&post=21103"},{"taxonomy":"post_tag","embeddable":true,"href":"https:\/\/www.sv-bad-bevensen.de\/index.php?rest_route=%2Fwp%2Fv2%2Ftags&post=21103"}],"curies":[{"name":"wp","href":"https:\/\/api.w.org\/{rel}","templated":true}]}}