{"id":18854,"date":"2023-09-03T17:45:52","date_gmt":"2023-09-03T16:45:52","guid":{"rendered":"https:\/\/www.sv-bad-bevensen.de\/?p=18854"},"modified":"2023-09-03T17:53:24","modified_gmt":"2023-09-03T16:53:24","slug":"schachkuchen-zum-sommerfest","status":"publish","type":"post","link":"https:\/\/www.sv-bad-bevensen.de\/?p=18854","title":{"rendered":"Schachkuchen zum Sommerfest"},"content":{"rendered":"<figure id=\"attachment_18857\" aria-describedby=\"caption-attachment-18857\" style=\"width: 150px\" class=\"wp-caption alignleft\"><a href=\"https:\/\/www.sv-bad-bevensen.de\/wp-content\/uploads\/2023\/09\/IMG-20230902-WA0001-e1693759541341.jpg\"><img loading=\"lazy\" decoding=\"async\" class=\"wp-image-18857 size-medium\" src=\"https:\/\/www.sv-bad-bevensen.de\/wp-content\/uploads\/2023\/09\/IMG-20230902-WA0001-e1693759541341-300x200.jpg\" alt=\"\" width=\"150\" height=\"100\" srcset=\"https:\/\/www.sv-bad-bevensen.de\/wp-content\/uploads\/2023\/09\/IMG-20230902-WA0001-e1693759541341-300x200.jpg 300w, https:\/\/www.sv-bad-bevensen.de\/wp-content\/uploads\/2023\/09\/IMG-20230902-WA0001-e1693759541341-1024x682.jpg 1024w, https:\/\/www.sv-bad-bevensen.de\/wp-content\/uploads\/2023\/09\/IMG-20230902-WA0001-e1693759541341-768x511.jpg 768w, https:\/\/www.sv-bad-bevensen.de\/wp-content\/uploads\/2023\/09\/IMG-20230902-WA0001-e1693759541341.jpg 1256w\" sizes=\"auto, (max-width: 150px) 100vw, 150px\" \/><\/a><figcaption id=\"caption-attachment-18857\" class=\"wp-caption-text\">Ein Schachkuchen<\/figcaption><\/figure>\n<p>Gestern haben wir unser Sommerfest mit 31 Teilnehmern veranstaltet. Bei gutem Wetter konnten wir einen sch\u00f6nen und entspannten Tag genie\u00dfen. Ein besonderer Dank f\u00fcr die gelungene Veranstaltung geht an alle Helfer und Spender der kulinarischen K\u00f6stlichkeiten.<\/p>\n<p><a href=\"https:\/\/www.sv-bad-bevensen.de\/?p=18851\">Fotos<\/a><\/p>\n","protected":false},"excerpt":{"rendered":"<p>Gestern haben wir unser Sommerfest mit 31 Teilnehmern veranstaltet. Bei gutem Wetter konnten wir einen sch\u00f6nen und entspannten Tag genie\u00dfen. Ein besonderer Dank f\u00fcr die gelungene Veranstaltung geht an alle Helfer und Spender der kulinarischen K\u00f6stlichkeiten. Fotos<\/p>\n","protected":false},"author":3,"featured_media":0,"comment_status":"closed","ping_status":"closed","sticky":false,"template":"","format":"standard","meta":{"ngg_post_thumbnail":0,"footnotes":""},"categories":[1,11],"tags":[],"class_list":["post-18854","post","type-post","status-publish","format-standard","hentry","category-allgemein","category-fotos"],"_links":{"self":[{"href":"https:\/\/www.sv-bad-bevensen.de\/index.php?rest_route=\/wp\/v2\/posts\/18854","targetHints":{"allow":["GET"]}}],"collection":[{"href":"https:\/\/www.sv-bad-bevensen.de\/index.php?rest_route=\/wp\/v2\/posts"}],"about":[{"href":"https:\/\/www.sv-bad-bevensen.de\/index.php?rest_route=\/wp\/v2\/types\/post"}],"author":[{"embeddable":true,"href":"https:\/\/www.sv-bad-bevensen.de\/index.php?rest_route=\/wp\/v2\/users\/3"}],"replies":[{"embeddable":true,"href":"https:\/\/www.sv-bad-bevensen.de\/index.php?rest_route=%2Fwp%2Fv2%2Fcomments&post=18854"}],"version-history":[{"count":0,"href":"https:\/\/www.sv-bad-bevensen.de\/index.php?rest_route=\/wp\/v2\/posts\/18854\/revisions"}],"wp:attachment":[{"href":"https:\/\/www.sv-bad-bevensen.de\/index.php?rest_route=%2Fwp%2Fv2%2Fmedia&parent=18854"}],"wp:term":[{"taxonomy":"category","embeddable":true,"href":"https:\/\/www.sv-bad-bevensen.de\/index.php?rest_route=%2Fwp%2Fv2%2Fcategories&post=18854"},{"taxonomy":"post_tag","embeddable":true,"href":"https:\/\/www.sv-bad-bevensen.de\/index.php?rest_route=%2Fwp%2Fv2%2Ftags&post=18854"}],"curies":[{"name":"wp","href":"https:\/\/api.w.org\/{rel}","templated":true}]}}