{"id":13253,"date":"2018-02-25T21:08:38","date_gmt":"2018-02-25T20:08:38","guid":{"rendered":"https:\/\/www.sv-bad-bevensen.de\/?p=13253"},"modified":"2018-02-26T00:44:09","modified_gmt":"2018-02-25T23:44:09","slug":"mannschaftsmeisterschaft-7-spieltag-2","status":"publish","type":"post","link":"https:\/\/www.sv-bad-bevensen.de\/?p=13253","title":{"rendered":"Mannschaftsmeisterschaft 7. Spieltag"},"content":{"rendered":"<figure style=\"width: 150px\" class=\"wp-caption alignleft\"><a href=\"https:\/\/www.sv-bad-bevensen.de\/wp-content\/uploads\/2018\/02\/DSCI0002.jpg\"><img loading=\"lazy\" decoding=\"async\" src=\"https:\/\/www.sv-bad-bevensen.de\/wp-content\/uploads\/2018\/02\/DSCI0002.jpg\" alt=\"\" width=\"150\" height=\"113\"><\/a><figcaption class=\"wp-caption-text\">Feierte heute seinen 1. Sieg und alle freuten sich mit ihm: Marcel Hartmann (vorne rechts), neu beim SV Bad Bevensen, heute im Einsatz f\u00fcr die 3. Mannschaft<\/figcaption><\/figure>\n<p>Die 1. Mannschaft konnte mit dem 3. Sieg in Folge heute den Anschluss ans Mittelfeld der Bezirksoberliga herstellen. Gegen Stade II gab es einen unerwarteten aber verdienten 4,5:3,5 Sieg. Beeindruckend war die Nervenst\u00e4rke des Teams, das sich an den Abstiegskampf gew\u00f6hnt hat und rechtzeitig zum Saisonendspurt in gl\u00e4nzender Verfassung pr\u00e4sentiert.<br \/>\nDie 2. und die 3. Mannschaft kassierten hingegen knappe Niederlagen. Beide Mannschaften befinden sich am Tabellenende in ihren Klassen, halten aber stets gut mit.<\/p>\n<p>F\u00fcr <strong>Bilder<\/strong> und <strong>Einzelergebnisse<\/strong>&nbsp; <!--more--><\/p>\n<p><a href=\"http:\/\/clm.schachbezirk4.de\/index.php\/component\/clm\/?view=rangliste&amp;saison=4&amp;liga=23&amp;Itemid=101&amp;typeid=21\" target=\"_blank\" rel=\"noopener\">Bezirksoberliga:<\/a><br \/>\nSV Bad Bevensen I &#8211; Stader SV II:&nbsp; <a href=\"http:\/\/clm.schachbezirk4.de\/index.php\/component\/clm\/?view=runde&amp;saison=4&amp;liga=23&amp;runde=7&amp;dg=1&amp;Itemid=101&amp;typeid=22\" target=\"_blank\" rel=\"noopener\">4,5-3,5<\/a><\/p>\n<p><a href=\"http:\/\/clm.schachbezirk4.de\/index.php\/component\/clm\/?view=rangliste&amp;saison=4&amp;liga=25&amp;Itemid=101&amp;typeid=21\" target=\"_blank\" rel=\"noopener\">Bezirksklasse Ost:<\/a><br \/>\nTSV Bienenb\u00fcttel &#8211; SV Bad Bevensen II:&nbsp; <a href=\"http:\/\/clm.schachbezirk4.de\/index.php\/component\/clm\/?view=runde&amp;saison=4&amp;liga=25&amp;runde=2&amp;dg=2&amp;Itemid=101&amp;typeid=22\" target=\"_blank\" rel=\"noopener\">4,5-3,5<\/a><\/p>\n<p><a href=\"http:\/\/clm.schachbezirk4.de\/index.php\/component\/clm\/?view=rangliste&amp;saison=4&amp;liga=28&amp;Itemid=101&amp;typeid=21\" target=\"_blank\" rel=\"noopener\">Kreisklasse Ost:<\/a><br \/>\nSV Bad Bevensen III &#8211; Post SV Uelzen V:&nbsp; <a href=\"http:\/\/clm.schachbezirk4.de\/index.php\/component\/clm\/?view=runde&amp;saison=4&amp;liga=28&amp;runde=2&amp;dg=2&amp;Itemid=101&amp;typeid=22\" target=\"_blank\" rel=\"noopener\">2,0-4,0<\/a><\/p>\nngg_shortcode_0_placeholder\n","protected":false},"excerpt":{"rendered":"<p>Die 1. Mannschaft konnte mit dem 3. Sieg in Folge heute den Anschluss ans Mittelfeld der Bezirksoberliga herstellen. Gegen Stade II gab es einen unerwarteten aber verdienten 4,5:3,5 Sieg. Beeindruckend war die Nervenst\u00e4rke des Teams, das sich an den Abstiegskampf gew\u00f6hnt hat und rechtzeitig zum Saisonendspurt in gl\u00e4nzender Verfassung pr\u00e4sentiert. Die 2. und die 3. &hellip; <a href=\"https:\/\/www.sv-bad-bevensen.de\/?p=13253\" class=\"more-link\"><span class=\"screen-reader-text\">Mannschaftsmeisterschaft 7. Spieltag<\/span> weiterlesen<\/a><\/p>\n","protected":false},"author":21,"featured_media":0,"comment_status":"closed","ping_status":"closed","sticky":false,"template":"","format":"gallery","meta":{"ngg_post_thumbnail":0,"footnotes":""},"categories":[11,5],"tags":[],"class_list":["post-13253","post","type-post","status-publish","format-gallery","hentry","category-fotos","category-mannschaften","post_format-post-format-gallery"],"_links":{"self":[{"href":"https:\/\/www.sv-bad-bevensen.de\/index.php?rest_route=\/wp\/v2\/posts\/13253","targetHints":{"allow":["GET"]}}],"collection":[{"href":"https:\/\/www.sv-bad-bevensen.de\/index.php?rest_route=\/wp\/v2\/posts"}],"about":[{"href":"https:\/\/www.sv-bad-bevensen.de\/index.php?rest_route=\/wp\/v2\/types\/post"}],"author":[{"embeddable":true,"href":"https:\/\/www.sv-bad-bevensen.de\/index.php?rest_route=\/wp\/v2\/users\/21"}],"replies":[{"embeddable":true,"href":"https:\/\/www.sv-bad-bevensen.de\/index.php?rest_route=%2Fwp%2Fv2%2Fcomments&post=13253"}],"version-history":[{"count":0,"href":"https:\/\/www.sv-bad-bevensen.de\/index.php?rest_route=\/wp\/v2\/posts\/13253\/revisions"}],"wp:attachment":[{"href":"https:\/\/www.sv-bad-bevensen.de\/index.php?rest_route=%2Fwp%2Fv2%2Fmedia&parent=13253"}],"wp:term":[{"taxonomy":"category","embeddable":true,"href":"https:\/\/www.sv-bad-bevensen.de\/index.php?rest_route=%2Fwp%2Fv2%2Fcategories&post=13253"},{"taxonomy":"post_tag","embeddable":true,"href":"https:\/\/www.sv-bad-bevensen.de\/index.php?rest_route=%2Fwp%2Fv2%2Ftags&post=13253"}],"curies":[{"name":"wp","href":"https:\/\/api.w.org\/{rel}","templated":true}]}}