{"id":13250,"date":"2018-02-25T20:50:10","date_gmt":"2018-02-25T19:50:10","guid":{"rendered":"https:\/\/www.sv-bad-bevensen.de\/?p=13250"},"modified":"2018-02-26T00:45:43","modified_gmt":"2018-02-25T23:45:43","slug":"mitgliederversammlung-2","status":"publish","type":"post","link":"https:\/\/www.sv-bad-bevensen.de\/?p=13250","title":{"rendered":"Mitgliederversammlung"},"content":{"rendered":"<p>Die diesj\u00e4hrige Mitgliederversammlung, bei der auch die Vorstandswahlen auf dem Programm stehen, findet am 09. M\u00e4rz 2018 um 19 Uhr statt. Alle Mitglieder sind herzlich eingeladen.<\/p>\n<p><a href=\"https:\/\/www.sv-bad-bevensen.de\/wp-content\/uploads\/2018\/02\/MV2018.pdf\" target=\"_blank\" rel=\"noopener\">&gt;&gt;&gt; Einladung &lt;&lt;&lt;<\/a><\/p>\n<p>W\u00fcnsche und Anliegen, die sp\u00e4ter in gro\u00dfer Runde angesprochen werden sollen, richtet gerne vorab an den Vorstand, der sich bereits am 02. M\u00e4rz zu einer Sitzung zusammenfindet.<\/p>\n<p>Im Anschluss an die Mitgliederversammlung wird ab ca. 20 Uhr eine Blitzrunde stattfinden.<\/p>\n","protected":false},"excerpt":{"rendered":"<p>Die diesj\u00e4hrige Mitgliederversammlung, bei der auch die Vorstandswahlen auf dem Programm stehen, findet am 09. M\u00e4rz 2018 um 19 Uhr statt. Alle Mitglieder sind herzlich eingeladen. &gt;&gt;&gt; Einladung &lt;&lt;&lt; W\u00fcnsche und Anliegen, die sp\u00e4ter in gro\u00dfer Runde angesprochen werden sollen, richtet gerne vorab an den Vorstand, der sich bereits am 02. M\u00e4rz zu einer Sitzung &hellip; <a href=\"https:\/\/www.sv-bad-bevensen.de\/?p=13250\" class=\"more-link\"><span class=\"screen-reader-text\">Mitgliederversammlung<\/span> weiterlesen<\/a><\/p>\n","protected":false},"author":21,"featured_media":0,"comment_status":"closed","ping_status":"closed","sticky":false,"template":"","format":"standard","meta":{"ngg_post_thumbnail":0,"footnotes":""},"categories":[1],"tags":[],"class_list":["post-13250","post","type-post","status-publish","format-standard","hentry","category-allgemein"],"_links":{"self":[{"href":"https:\/\/www.sv-bad-bevensen.de\/index.php?rest_route=\/wp\/v2\/posts\/13250","targetHints":{"allow":["GET"]}}],"collection":[{"href":"https:\/\/www.sv-bad-bevensen.de\/index.php?rest_route=\/wp\/v2\/posts"}],"about":[{"href":"https:\/\/www.sv-bad-bevensen.de\/index.php?rest_route=\/wp\/v2\/types\/post"}],"author":[{"embeddable":true,"href":"https:\/\/www.sv-bad-bevensen.de\/index.php?rest_route=\/wp\/v2\/users\/21"}],"replies":[{"embeddable":true,"href":"https:\/\/www.sv-bad-bevensen.de\/index.php?rest_route=%2Fwp%2Fv2%2Fcomments&post=13250"}],"version-history":[{"count":0,"href":"https:\/\/www.sv-bad-bevensen.de\/index.php?rest_route=\/wp\/v2\/posts\/13250\/revisions"}],"wp:attachment":[{"href":"https:\/\/www.sv-bad-bevensen.de\/index.php?rest_route=%2Fwp%2Fv2%2Fmedia&parent=13250"}],"wp:term":[{"taxonomy":"category","embeddable":true,"href":"https:\/\/www.sv-bad-bevensen.de\/index.php?rest_route=%2Fwp%2Fv2%2Fcategories&post=13250"},{"taxonomy":"post_tag","embeddable":true,"href":"https:\/\/www.sv-bad-bevensen.de\/index.php?rest_route=%2Fwp%2Fv2%2Ftags&post=13250"}],"curies":[{"name":"wp","href":"https:\/\/api.w.org\/{rel}","templated":true}]}}